{"id":1625,"date":"2014-04-22T15:37:37","date_gmt":"2014-04-22T14:37:37","guid":{"rendered":"https:\/\/www.smartboxbelgie.be\/geen-categorie-fr\/initial-2\/"},"modified":"2015-01-20T12:25:25","modified_gmt":"2015-01-20T11:25:25","slug":"initial","status":"publish","type":"post","link":"https:\/\/www.smartboxbelgie.be\/fr\/referencesfr\/initial\/","title":{"rendered":"Initial"},"content":{"rendered":"<blockquote><p>Nous entretenons des v\u00eatements de travail et nous les ramenons chaque semaine chez nos clients. Il n\u2019\u00e9tait pas envisageable d\u2019effectuer les livraisons avec le permis B. Les v\u00e9hicules auraient \u00e9t\u00e9 trop lourds. Avec la Smart-Box, nous avons pu y rem\u00e9dier et nous gagnons quelque 250 kg de charge utile.<\/p><\/blockquote>\n<p><strong>Joyce De Maeyer<\/strong>, Feet Supervisor Initial<\/p>\n<p>&nbsp;<\/p>\n","protected":false},"excerpt":{"rendered":"<p>Nous entretenons des v\u00eatements de travail et nous les ramenons chaque semaine chez nos clients. Il n\u2019\u00e9tait pas envisageable d\u2019effectuer les livraisons avec le permis B. Les v\u00e9hicules auraient \u00e9t\u00e9 trop lourds. Avec la Smart-Box, nous avons pu y rem\u00e9dier et nous gagnons quelque 250 kg de charge utile. Joyce De Maeyer, Feet Supervisor Initial [&hellip;]<\/p>\n","protected":false},"author":1,"featured_media":352,"comment_status":"closed","ping_status":"closed","sticky":false,"template":"","format":"standard","meta":{"footnotes":""},"categories":[20],"tags":[],"class_list":["post-1625","post","type-post","status-publish","format-standard","has-post-thumbnail","hentry","category-referencesfr"],"yoast_head":"<!-- This site is optimized with the Yoast SEO plugin v26.6 - https:\/\/yoast.com\/wordpress\/plugins\/seo\/ -->\n<title>Initial - Smartbox<\/title>\n<meta name=\"robots\" content=\"noindex, follow\" \/>\n<meta property=\"og:locale\" content=\"fr_FR\" \/>\n<meta property=\"og:type\" content=\"article\" \/>\n<meta property=\"og:title\" content=\"Initial - Smartbox\" \/>\n<meta property=\"og:description\" content=\"Nous entretenons des v\u00eatements de travail et nous les ramenons chaque semaine chez nos clients. Il n\u2019\u00e9tait pas envisageable d\u2019effectuer les livraisons avec le permis B. Les v\u00e9hicules auraient \u00e9t\u00e9 trop lourds. Avec la Smart-Box, nous avons pu y rem\u00e9dier et nous gagnons quelque 250 kg de charge utile. Joyce De Maeyer, Feet Supervisor Initial [&hellip;]\" \/>\n<meta property=\"og:url\" content=\"https:\/\/www.smartboxbelgie.be\/fr\/referencesfr\/initial\/\" \/>\n<meta property=\"og:site_name\" content=\"Smartbox\" \/>\n<meta property=\"article:published_time\" content=\"2014-04-22T14:37:37+00:00\" \/>\n<meta property=\"article:modified_time\" content=\"2015-01-20T11:25:25+00:00\" \/>\n<meta property=\"og:image\" content=\"https:\/\/www.smartboxbelgie.be\/wp-content\/uploads\/2014\/04\/initial.jpg\" \/>\n\t<meta property=\"og:image:width\" content=\"1024\" \/>\n\t<meta property=\"og:image:height\" content=\"768\" \/>\n\t<meta property=\"og:image:type\" content=\"image\/jpeg\" \/>\n<meta name=\"author\" content=\"pfadmin\" \/>\n<meta name=\"twitter:label1\" content=\"\u00c9crit par\" \/>\n\t<meta name=\"twitter:data1\" content=\"pfadmin\" \/>\n<script type=\"application\/ld+json\" class=\"yoast-schema-graph\">{\"@context\":\"https:\/\/schema.org\",\"@graph\":[{\"@type\":\"WebPage\",\"@id\":\"https:\/\/www.smartboxbelgie.be\/fr\/referencesfr\/initial\/\",\"url\":\"https:\/\/www.smartboxbelgie.be\/fr\/referencesfr\/initial\/\",\"name\":\"Initial - Smartbox\",\"isPartOf\":{\"@id\":\"https:\/\/www.smartboxbelgie.be\/#website\"},\"primaryImageOfPage\":{\"@id\":\"https:\/\/www.smartboxbelgie.be\/fr\/referencesfr\/initial\/#primaryimage\"},\"image\":{\"@id\":\"https:\/\/www.smartboxbelgie.be\/fr\/referencesfr\/initial\/#primaryimage\"},\"thumbnailUrl\":\"https:\/\/www.smartboxbelgie.be\/wp-content\/uploads\/2014\/04\/initial.jpg\",\"datePublished\":\"2014-04-22T14:37:37+00:00\",\"dateModified\":\"2015-01-20T11:25:25+00:00\",\"author\":{\"@id\":\"https:\/\/www.smartboxbelgie.be\/#\/schema\/person\/5b3aeff24c678998c5f72f7e9b332ac5\"},\"breadcrumb\":{\"@id\":\"https:\/\/www.smartboxbelgie.be\/fr\/referencesfr\/initial\/#breadcrumb\"},\"inLanguage\":\"fr-FR\",\"potentialAction\":[{\"@type\":\"ReadAction\",\"target\":[\"https:\/\/www.smartboxbelgie.be\/fr\/referencesfr\/initial\/\"]}]},{\"@type\":\"ImageObject\",\"inLanguage\":\"fr-FR\",\"@id\":\"https:\/\/www.smartboxbelgie.be\/fr\/referencesfr\/initial\/#primaryimage\",\"url\":\"https:\/\/www.smartboxbelgie.be\/wp-content\/uploads\/2014\/04\/initial.jpg\",\"contentUrl\":\"https:\/\/www.smartboxbelgie.be\/wp-content\/uploads\/2014\/04\/initial.jpg\",\"width\":1024,\"height\":768},{\"@type\":\"BreadcrumbList\",\"@id\":\"https:\/\/www.smartboxbelgie.be\/fr\/referencesfr\/initial\/#breadcrumb\",\"itemListElement\":[{\"@type\":\"ListItem\",\"position\":1,\"name\":\"Home\",\"item\":\"https:\/\/www.smartboxbelgie.be\/fr\/\"},{\"@type\":\"ListItem\",\"position\":2,\"name\":\"R\u00e9f\u00e9rences\",\"item\":\"https:\/\/www.smartboxbelgie.be\/fr\/category\/referencesfr\/\"},{\"@type\":\"ListItem\",\"position\":3,\"name\":\"Initial\"}]},{\"@type\":\"WebSite\",\"@id\":\"https:\/\/www.smartboxbelgie.be\/#website\",\"url\":\"https:\/\/www.smartboxbelgie.be\/\",\"name\":\"Smartbox\",\"description\":\"D&eacute; lichtste laadbak van Europa\",\"potentialAction\":[{\"@type\":\"SearchAction\",\"target\":{\"@type\":\"EntryPoint\",\"urlTemplate\":\"https:\/\/www.smartboxbelgie.be\/?s={search_term_string}\"},\"query-input\":{\"@type\":\"PropertyValueSpecification\",\"valueRequired\":true,\"valueName\":\"search_term_string\"}}],\"inLanguage\":\"fr-FR\"},{\"@type\":\"Person\",\"@id\":\"https:\/\/www.smartboxbelgie.be\/#\/schema\/person\/5b3aeff24c678998c5f72f7e9b332ac5\",\"name\":\"pfadmin\",\"image\":{\"@type\":\"ImageObject\",\"inLanguage\":\"fr-FR\",\"@id\":\"https:\/\/www.smartboxbelgie.be\/#\/schema\/person\/image\/\",\"url\":\"https:\/\/secure.gravatar.com\/avatar\/7bec5a7d385bacfacb6f7450d2acb2228cfe1ccf67f191a5842c69d8275242d2?s=96&d=mm&r=g\",\"contentUrl\":\"https:\/\/secure.gravatar.com\/avatar\/7bec5a7d385bacfacb6f7450d2acb2228cfe1ccf67f191a5842c69d8275242d2?s=96&d=mm&r=g\",\"caption\":\"pfadmin\"},\"url\":\"https:\/\/www.smartboxbelgie.be\/fr\/author\/mmadmin\/\"}]}<\/script>\n<!-- \/ Yoast SEO plugin. -->","yoast_head_json":{"title":"Initial - Smartbox","robots":{"index":"noindex","follow":"follow"},"og_locale":"fr_FR","og_type":"article","og_title":"Initial - Smartbox","og_description":"Nous entretenons des v\u00eatements de travail et nous les ramenons chaque semaine chez nos clients. Il n\u2019\u00e9tait pas envisageable d\u2019effectuer les livraisons avec le permis B. Les v\u00e9hicules auraient \u00e9t\u00e9 trop lourds. Avec la Smart-Box, nous avons pu y rem\u00e9dier et nous gagnons quelque 250 kg de charge utile. Joyce De Maeyer, Feet Supervisor Initial [&hellip;]","og_url":"https:\/\/www.smartboxbelgie.be\/fr\/referencesfr\/initial\/","og_site_name":"Smartbox","article_published_time":"2014-04-22T14:37:37+00:00","article_modified_time":"2015-01-20T11:25:25+00:00","og_image":[{"width":1024,"height":768,"url":"https:\/\/www.smartboxbelgie.be\/wp-content\/uploads\/2014\/04\/initial.jpg","type":"image\/jpeg"}],"author":"pfadmin","twitter_misc":{"\u00c9crit par":"pfadmin"},"schema":{"@context":"https:\/\/schema.org","@graph":[{"@type":"WebPage","@id":"https:\/\/www.smartboxbelgie.be\/fr\/referencesfr\/initial\/","url":"https:\/\/www.smartboxbelgie.be\/fr\/referencesfr\/initial\/","name":"Initial - Smartbox","isPartOf":{"@id":"https:\/\/www.smartboxbelgie.be\/#website"},"primaryImageOfPage":{"@id":"https:\/\/www.smartboxbelgie.be\/fr\/referencesfr\/initial\/#primaryimage"},"image":{"@id":"https:\/\/www.smartboxbelgie.be\/fr\/referencesfr\/initial\/#primaryimage"},"thumbnailUrl":"https:\/\/www.smartboxbelgie.be\/wp-content\/uploads\/2014\/04\/initial.jpg","datePublished":"2014-04-22T14:37:37+00:00","dateModified":"2015-01-20T11:25:25+00:00","author":{"@id":"https:\/\/www.smartboxbelgie.be\/#\/schema\/person\/5b3aeff24c678998c5f72f7e9b332ac5"},"breadcrumb":{"@id":"https:\/\/www.smartboxbelgie.be\/fr\/referencesfr\/initial\/#breadcrumb"},"inLanguage":"fr-FR","potentialAction":[{"@type":"ReadAction","target":["https:\/\/www.smartboxbelgie.be\/fr\/referencesfr\/initial\/"]}]},{"@type":"ImageObject","inLanguage":"fr-FR","@id":"https:\/\/www.smartboxbelgie.be\/fr\/referencesfr\/initial\/#primaryimage","url":"https:\/\/www.smartboxbelgie.be\/wp-content\/uploads\/2014\/04\/initial.jpg","contentUrl":"https:\/\/www.smartboxbelgie.be\/wp-content\/uploads\/2014\/04\/initial.jpg","width":1024,"height":768},{"@type":"BreadcrumbList","@id":"https:\/\/www.smartboxbelgie.be\/fr\/referencesfr\/initial\/#breadcrumb","itemListElement":[{"@type":"ListItem","position":1,"name":"Home","item":"https:\/\/www.smartboxbelgie.be\/fr\/"},{"@type":"ListItem","position":2,"name":"R\u00e9f\u00e9rences","item":"https:\/\/www.smartboxbelgie.be\/fr\/category\/referencesfr\/"},{"@type":"ListItem","position":3,"name":"Initial"}]},{"@type":"WebSite","@id":"https:\/\/www.smartboxbelgie.be\/#website","url":"https:\/\/www.smartboxbelgie.be\/","name":"Smartbox","description":"D&eacute; lichtste laadbak van Europa","potentialAction":[{"@type":"SearchAction","target":{"@type":"EntryPoint","urlTemplate":"https:\/\/www.smartboxbelgie.be\/?s={search_term_string}"},"query-input":{"@type":"PropertyValueSpecification","valueRequired":true,"valueName":"search_term_string"}}],"inLanguage":"fr-FR"},{"@type":"Person","@id":"https:\/\/www.smartboxbelgie.be\/#\/schema\/person\/5b3aeff24c678998c5f72f7e9b332ac5","name":"pfadmin","image":{"@type":"ImageObject","inLanguage":"fr-FR","@id":"https:\/\/www.smartboxbelgie.be\/#\/schema\/person\/image\/","url":"https:\/\/secure.gravatar.com\/avatar\/7bec5a7d385bacfacb6f7450d2acb2228cfe1ccf67f191a5842c69d8275242d2?s=96&d=mm&r=g","contentUrl":"https:\/\/secure.gravatar.com\/avatar\/7bec5a7d385bacfacb6f7450d2acb2228cfe1ccf67f191a5842c69d8275242d2?s=96&d=mm&r=g","caption":"pfadmin"},"url":"https:\/\/www.smartboxbelgie.be\/fr\/author\/mmadmin\/"}]}},"_links":{"self":[{"href":"https:\/\/www.smartboxbelgie.be\/fr\/wp-json\/wp\/v2\/posts\/1625","targetHints":{"allow":["GET"]}}],"collection":[{"href":"https:\/\/www.smartboxbelgie.be\/fr\/wp-json\/wp\/v2\/posts"}],"about":[{"href":"https:\/\/www.smartboxbelgie.be\/fr\/wp-json\/wp\/v2\/types\/post"}],"author":[{"embeddable":true,"href":"https:\/\/www.smartboxbelgie.be\/fr\/wp-json\/wp\/v2\/users\/1"}],"replies":[{"embeddable":true,"href":"https:\/\/www.smartboxbelgie.be\/fr\/wp-json\/wp\/v2\/comments?post=1625"}],"version-history":[{"count":2,"href":"https:\/\/www.smartboxbelgie.be\/fr\/wp-json\/wp\/v2\/posts\/1625\/revisions"}],"predecessor-version":[{"id":1630,"href":"https:\/\/www.smartboxbelgie.be\/fr\/wp-json\/wp\/v2\/posts\/1625\/revisions\/1630"}],"wp:featuredmedia":[{"embeddable":true,"href":"https:\/\/www.smartboxbelgie.be\/fr\/wp-json\/wp\/v2\/media\/352"}],"wp:attachment":[{"href":"https:\/\/www.smartboxbelgie.be\/fr\/wp-json\/wp\/v2\/media?parent=1625"}],"wp:term":[{"taxonomy":"category","embeddable":true,"href":"https:\/\/www.smartboxbelgie.be\/fr\/wp-json\/wp\/v2\/categories?post=1625"},{"taxonomy":"post_tag","embeddable":true,"href":"https:\/\/www.smartboxbelgie.be\/fr\/wp-json\/wp\/v2\/tags?post=1625"}],"curies":[{"name":"wp","href":"https:\/\/api.w.org\/{rel}","templated":true}]}}